{"id":63,"date":"2023-02-18T18:07:26","date_gmt":"2023-02-18T18:07:26","guid":{"rendered":"https:\/\/neocortex.de\/?p=63"},"modified":"2023-02-18T18:12:35","modified_gmt":"2023-02-18T18:12:35","slug":"therapierichtungen","status":"publish","type":"post","link":"https:\/\/meintherapeut-bonn.de\/STRATO-apps\/wordpress_01\/app\/therapierichtungen\/","title":{"rendered":"Therapierichtungen"},"content":{"rendered":"\n<p>Die Kognitive Verhaltenstherapie, die tiefenpsychologisch fundierte Psychotherapie, die Psychoanalyse und die Systemische Therapie geh\u00f6ren zu den sogenannten \u201e<em>Richtlinienverfahren<\/em>\u201c, was bedeutet, dass eine Kosten\u00fcbernahme durch die gesetzliche Krankenkasse m\u00f6glich ist.<\/p>\n\n\n\n<p>Auch wenn die verschiedenen Therapierichtungen viele Gemeinsamkeiten haben und sich mit der Zeit immer mehr ann\u00e4hern, indem sie die Wirkfaktoren der jeweils anderen Konzepte \u00fcbernehmen und integrieren, so gibt es doch einige formale und inhaltliche Unterschiede.<\/p>\n\n\n\n<p>Sie erkennen eine Kognitive Verhaltenstherapie daran, dass der Lern- und \u00dcbungseffekt im Vordergrund steht und Ihr Therapeut Sie zur aktiven Mitarbeit auch zwischen den Sitzungen auffordert, zum Beispiel durch \u00dcbungen, die Sie zuhause im Alltag durchf\u00fchren k\u00f6nnen. Im Unterschied zu anderen Therapiekonzepten ist der Therapeut in der Kognitiven Verhaltenstherapie aktiver, macht Ihnen konkrete Vorschl\u00e4ge, teilt mit Ihnen bereitwillig sein Wissen, erl\u00e4utert Ihnen die Gr\u00fcnde f\u00fcr sein Vorgehen und versetzt Sie so in die Lage, selbst zu entscheiden, was in Ihrer Therapie passieren soll und was nicht.<\/p>\n\n\n\n<p>Die Kognitive Verhaltenstherapie hat f\u00fcr viele psychische St\u00f6rungen ihre Wirksamkeit in wissenschaftlichen Studien nachgewiesen hat. Dieser wissenschaftliche Anspruch findet sich auch im Therapieverlauf wieder, wenn Ihnen der Therapeut den Hintergrund f\u00fcr sein Vorgehen begr\u00fcndet oder Sie selbst durch Selbstbeobachtung oder Verhaltensexperimente bestimmte Annahmen auf Richtigkeit \u00fcberpr\u00fcfen.<\/p>\n\n\n\n<p>In&nbsp; welcher Behandlungsform Sie sich pers\u00f6nlich am besten versorgt und aufgehoben f\u00fchlen, sollten Sie mit Ihrem Therapeuten im Rahmen der probatorischen Sitzungen besprechen.<\/p>\n","protected":false},"excerpt":{"rendered":"<p>Die Kognitive Verhaltenstherapie, die tiefenpsychologisch fundierte Psychotherapie, die Psychoanalyse und die Systemische Therapie geh\u00f6ren zu den sogenannten \u201eRichtlinienverfahren\u201c, was bedeutet, dass eine Kosten\u00fcbernahme durch die gesetzliche Krankenkasse m\u00f6glich ist. Auch wenn die verschiedenen Therapierichtungen viele Gemeinsamkeiten haben und sich mit der Zeit immer mehr ann\u00e4hern, indem sie die Wirkfaktoren der jeweils anderen Konzepte \u00fcbernehmen und [&hellip;]<\/p>\n","protected":false},"author":1,"featured_media":0,"comment_status":"closed","ping_status":"closed","sticky":false,"template":"","format":"standard","meta":{"footnotes":""},"categories":[4],"tags":[],"class_list":["post-63","post","type-post","status-publish","format-standard","hentry","category-informationen"],"_links":{"self":[{"href":"https:\/\/meintherapeut-bonn.de\/STRATO-apps\/wordpress_01\/app\/wp-json\/wp\/v2\/posts\/63","targetHints":{"allow":["GET"]}}],"collection":[{"href":"https:\/\/meintherapeut-bonn.de\/STRATO-apps\/wordpress_01\/app\/wp-json\/wp\/v2\/posts"}],"about":[{"href":"https:\/\/meintherapeut-bonn.de\/STRATO-apps\/wordpress_01\/app\/wp-json\/wp\/v2\/types\/post"}],"author":[{"embeddable":true,"href":"https:\/\/meintherapeut-bonn.de\/STRATO-apps\/wordpress_01\/app\/wp-json\/wp\/v2\/users\/1"}],"replies":[{"embeddable":true,"href":"https:\/\/meintherapeut-bonn.de\/STRATO-apps\/wordpress_01\/app\/wp-json\/wp\/v2\/comments?post=63"}],"version-history":[{"count":1,"href":"https:\/\/meintherapeut-bonn.de\/STRATO-apps\/wordpress_01\/app\/wp-json\/wp\/v2\/posts\/63\/revisions"}],"predecessor-version":[{"id":64,"href":"https:\/\/meintherapeut-bonn.de\/STRATO-apps\/wordpress_01\/app\/wp-json\/wp\/v2\/posts\/63\/revisions\/64"}],"wp:attachment":[{"href":"https:\/\/meintherapeut-bonn.de\/STRATO-apps\/wordpress_01\/app\/wp-json\/wp\/v2\/media?parent=63"}],"wp:term":[{"taxonomy":"category","embeddable":true,"href":"https:\/\/meintherapeut-bonn.de\/STRATO-apps\/wordpress_01\/app\/wp-json\/wp\/v2\/categories?post=63"},{"taxonomy":"post_tag","embeddable":true,"href":"https:\/\/meintherapeut-bonn.de\/STRATO-apps\/wordpress_01\/app\/wp-json\/wp\/v2\/tags?post=63"}],"curies":[{"name":"wp","href":"https:\/\/api.w.org\/{rel}","templated":true}]}}